{"id":423,"date":"2026-04-10T09:23:17","date_gmt":"2026-04-10T08:23:17","guid":{"rendered":"https:\/\/eu-people.com\/?p=423"},"modified":"2026-04-16T12:49:53","modified_gmt":"2026-04-16T11:49:53","slug":"holanda-ou-paises-baixos-qual-e-a-forma-correta","status":"publish","type":"post","link":"https:\/\/eu-people.com\/pt\/holland-or-the-netherlands-which-is-correct\/","title":{"rendered":"Pa\u00edses Baixos ou Holanda, qual \u00e9 a forma correta?!"},"content":{"rendered":"<section class=\"editor white margin-none\">\n        <div class=\"editor-wrap boxed\">\n            <div class=\"autop content\"><p>Ao percorrer as ofertas de emprego, \u00e9 frequente ver que os termos \u201cPa\u00edses Baixos\u201d e \u201cHolanda\u201d s\u00e3o utilizados de forma quase aleat\u00f3ria. Muitas pessoas chegam mesmo a pensar que o nosso pa\u00eds tem dois nomes diferentes. Continua a ler para descobrires por que raz\u00e3o, tecnicamente falando, isso n\u00e3o \u00e9 verdade!<\/p>\n<\/div>\n        <\/div>\n<\/section>\n\n\n<section class=\"editor margin-bottom\">\n        <div class=\"editor-wrap boxed\">\n            <div class=\"autop content padding grey\"><h3 class=\"wp-block-heading\">Um pouco de contexto hist\u00f3rico<\/h3>\n<p>Entre 1588 e 1795, o nome oficial da regi\u00e3o era Rep\u00fablica das Sete Prov\u00edncias Unidas dos Pa\u00edses Baixos. O seu nome deve-se ao facto de o terreno ser, na sua maior parte, plano e situar-se pr\u00f3ximo do n\u00edvel do mar, o que ainda hoje se mant\u00e9m. A palavra holandesa \u201cNederland\u201d significa, literalmente, \u201cterra baixa\u201d. Tendo isso em conta, \u00abNederland\u00bb \u00e9 o \u00fanico nome correto quando se refere ao pa\u00eds como um todo.<\/p>\n<\/div>\n        <\/div>\n<\/section>\n\n\n<section class=\"editor primary margin-none\">\n        <div class=\"editor-wrap boxed\">\n            <div class=\"autop content\"><h3 class=\"wp-block-heading\">E quanto aos Pa\u00edses Baixos?<\/h3>\n<p>A Holanda \u00e9 composta por 12 prov\u00edncias, entre as quais a Holanda do Norte e a Holanda do Sul. Nestas duas prov\u00edncias situam-se as famosas cidades de Amesterd\u00e3o, Roterd\u00e3o e muitas outras. Em conjunto, a Holanda do Norte e a Holanda do Sul s\u00e3o simplesmente designadas por \u201cHolanda\u201d. Portanto, quando se utiliza \u201cHolanda\u201d, est\u00e1-se a referir apenas a uma pequena parte do pa\u00eds. Se se estiver a falar do pa\u00eds como um todo, \u201cPa\u00edses Baixos\u201d \u00e9 o \u00fanico nome correto.<\/p>\n<\/div>\n        <\/div>\n<\/section>\n\n\n<section class=\"editor margin-none\">\n        <div class=\"editor-wrap boxed\">\n            <div class=\"autop content padding grey\"><h3 class=\"wp-block-heading\">Por que \u00e9 que, por vezes, usamos os dois<\/h3>\n<p>Como empresa holandesa, sabemos, naturalmente, que o nosso pa\u00eds se chama \u00abNederland\u00bb e n\u00e3o \u00abNederland\u00bb. No entanto, compreendemos e respeitamos o facto de nem toda a gente saber isso. Queremos garantir que todos possam encontrar as nossas ofertas e saibam onde se encontram. Quer nos chame \u00abNederland\u00bb ou \u00abNederland\u00bb, \u00e9 mais do que bem-vindo.\u00a0<a href=\"https:\/\/eu-people.com\/pt\/nl\/job-offers\/\">Vem trabalhar connosco<\/a>!<\/p>\n<\/div>\n        <\/div>\n<\/section>","protected":false},"excerpt":{"rendered":"<p>Ao percorrer as ofertas de emprego, \u00e9 frequente ver que os termos \u201cPa\u00edses Baixos\u201d e \u201cHolanda\u201d s\u00e3o utilizados de forma quase aleat\u00f3ria. Muitas pessoas chegam mesmo a pensar que o nosso pa\u00eds tem dois nomes diferentes. Continua a ler para descobrires por que raz\u00e3o, tecnicamente falando, isso n\u00e3o \u00e9 verdade!<\/p>","protected":false},"author":1,"featured_media":424,"comment_status":"closed","ping_status":"open","sticky":false,"template":"","format":"standard","meta":{"_acf_changed":false,"footnotes":""},"categories":[1],"tags":[],"class_list":["post-423","post","type-post","status-publish","format-standard","has-post-thumbnail","hentry","category-uncategorized"],"acf":[],"yoast_head":"<!-- This site is optimized with the Yoast SEO Premium plugin v28.3 (Yoast SEO v28.3) - https:\/\/yoast.com\/product\/yoast-seo-premium-wordpress\/ -->\n<title>Nederland of Holland, wat is juist?! - EU-People<\/title>\n<meta name=\"robots\" content=\"index, follow, max-snippet:-1, max-image-preview:large, max-video-preview:-1\" \/>\n<link rel=\"canonical\" href=\"https:\/\/eu-people.com\/pt\/holanda-ou-paises-baixos-qual-e-a-forma-correta\/\" \/>\n<meta property=\"og:locale\" content=\"pt_PT\" \/>\n<meta property=\"og:type\" content=\"article\" \/>\n<meta property=\"og:title\" content=\"Nederland of Holland, wat is juist?!\" \/>\n<meta property=\"og:description\" content=\"Als je door vacatures bladert, zie je vaak dat &quot;Nederland&quot; en &quot;Holland&quot; bijna willekeurig worden gebruikt. Veel mensen denken zelfs dat ons land twee verschillende namen heeft. Lees verder om erachter te komen waarom dat technisch gezien niet waar is!\" \/>\n<meta property=\"og:url\" content=\"https:\/\/eu-people.com\/pt\/holanda-ou-paises-baixos-qual-e-a-forma-correta\/\" \/>\n<meta property=\"og:site_name\" content=\"EU-People\" \/>\n<meta property=\"article:published_time\" content=\"2026-04-10T08:23:17+00:00\" \/>\n<meta property=\"article:modified_time\" content=\"2026-04-16T11:49:53+00:00\" \/>\n<meta property=\"og:image\" content=\"https:\/\/eu-people.com\/wp-content\/uploads\/2026\/04\/Netherlands-or-Holland.png\" \/>\n\t<meta property=\"og:image:width\" content=\"600\" \/>\n\t<meta property=\"og:image:height\" content=\"500\" \/>\n\t<meta property=\"og:image:type\" content=\"image\/png\" \/>\n<meta name=\"author\" content=\"Mart van der Kruis\" \/>\n<meta name=\"twitter:card\" content=\"summary_large_image\" \/>\n<meta name=\"twitter:label1\" content=\"Escrito por\" \/>\n\t<meta name=\"twitter:data1\" content=\"Mart van der Kruis\" \/>\n\t<meta name=\"twitter:label2\" content=\"Tempo estimado de leitura\" \/>\n\t<meta name=\"twitter:data2\" content=\"1 minuto\" \/>\n<script type=\"application\/ld+json\" class=\"yoast-schema-graph\">{\"@context\":\"https:\\\/\\\/schema.org\",\"@graph\":[{\"@type\":\"Article\",\"@id\":\"https:\\\/\\\/eu-people.com\\\/holland-or-the-netherlands-which-is-correct\\\/#article\",\"isPartOf\":{\"@id\":\"https:\\\/\\\/eu-people.com\\\/holland-or-the-netherlands-which-is-correct\\\/\"},\"author\":{\"name\":\"Mart van der Kruis\",\"@id\":\"https:\\\/\\\/eu-people.com\\\/#\\\/schema\\\/person\\\/20409cba635022b0a8ecbb49bcdac0c5\"},\"headline\":\"Nederland of Holland, wat is juist?!\",\"datePublished\":\"2026-04-10T08:23:17+00:00\",\"dateModified\":\"2026-04-16T11:49:53+00:00\",\"mainEntityOfPage\":{\"@id\":\"https:\\\/\\\/eu-people.com\\\/holland-or-the-netherlands-which-is-correct\\\/\"},\"wordCount\":6,\"image\":{\"@id\":\"https:\\\/\\\/eu-people.com\\\/holland-or-the-netherlands-which-is-correct\\\/#primaryimage\"},\"thumbnailUrl\":\"https:\\\/\\\/eu-people.com\\\/wp-content\\\/uploads\\\/2026\\\/04\\\/Netherlands-or-Holland.png\",\"articleSection\":[\"Uncategorized\"],\"inLanguage\":\"pt-PT\"},{\"@type\":\"WebPage\",\"@id\":\"https:\\\/\\\/eu-people.com\\\/holland-or-the-netherlands-which-is-correct\\\/\",\"url\":\"https:\\\/\\\/eu-people.com\\\/holland-or-the-netherlands-which-is-correct\\\/\",\"name\":\"Nederland of Holland, wat is juist?! - EU-People\",\"isPartOf\":{\"@id\":\"https:\\\/\\\/eu-people.com\\\/#website\"},\"primaryImageOfPage\":{\"@id\":\"https:\\\/\\\/eu-people.com\\\/holland-or-the-netherlands-which-is-correct\\\/#primaryimage\"},\"image\":{\"@id\":\"https:\\\/\\\/eu-people.com\\\/holland-or-the-netherlands-which-is-correct\\\/#primaryimage\"},\"thumbnailUrl\":\"https:\\\/\\\/eu-people.com\\\/wp-content\\\/uploads\\\/2026\\\/04\\\/Netherlands-or-Holland.png\",\"datePublished\":\"2026-04-10T08:23:17+00:00\",\"dateModified\":\"2026-04-16T11:49:53+00:00\",\"author\":{\"@id\":\"https:\\\/\\\/eu-people.com\\\/#\\\/schema\\\/person\\\/20409cba635022b0a8ecbb49bcdac0c5\"},\"breadcrumb\":{\"@id\":\"https:\\\/\\\/eu-people.com\\\/holland-or-the-netherlands-which-is-correct\\\/#breadcrumb\"},\"inLanguage\":\"pt-PT\",\"potentialAction\":[{\"@type\":\"ReadAction\",\"target\":[\"https:\\\/\\\/eu-people.com\\\/holland-or-the-netherlands-which-is-correct\\\/\"]}]},{\"@type\":\"ImageObject\",\"inLanguage\":\"pt-PT\",\"@id\":\"https:\\\/\\\/eu-people.com\\\/holland-or-the-netherlands-which-is-correct\\\/#primaryimage\",\"url\":\"https:\\\/\\\/eu-people.com\\\/wp-content\\\/uploads\\\/2026\\\/04\\\/Netherlands-or-Holland.png\",\"contentUrl\":\"https:\\\/\\\/eu-people.com\\\/wp-content\\\/uploads\\\/2026\\\/04\\\/Netherlands-or-Holland.png\",\"width\":600,\"height\":500},{\"@type\":\"BreadcrumbList\",\"@id\":\"https:\\\/\\\/eu-people.com\\\/holland-or-the-netherlands-which-is-correct\\\/#breadcrumb\",\"itemListElement\":[{\"@type\":\"ListItem\",\"position\":1,\"name\":\"Home\",\"item\":\"https:\\\/\\\/eu-people.com\\\/\"},{\"@type\":\"ListItem\",\"position\":2,\"name\":\"Nederland of Holland, wat is juist?!\"}]},{\"@type\":\"WebSite\",\"@id\":\"https:\\\/\\\/eu-people.com\\\/#website\",\"url\":\"https:\\\/\\\/eu-people.com\\\/\",\"name\":\"EU-People\",\"description\":\"\",\"potentialAction\":[{\"@type\":\"SearchAction\",\"target\":{\"@type\":\"EntryPoint\",\"urlTemplate\":\"https:\\\/\\\/eu-people.com\\\/?s={search_term_string}\"},\"query-input\":{\"@type\":\"PropertyValueSpecification\",\"valueRequired\":true,\"valueName\":\"search_term_string\"}}],\"inLanguage\":\"pt-PT\"},{\"@type\":\"Person\",\"@id\":\"https:\\\/\\\/eu-people.com\\\/#\\\/schema\\\/person\\\/20409cba635022b0a8ecbb49bcdac0c5\",\"name\":\"Mart van der Kruis\",\"image\":{\"@type\":\"ImageObject\",\"inLanguage\":\"pt-PT\",\"@id\":\"https:\\\/\\\/secure.gravatar.com\\\/avatar\\\/a08db898b8a00883262ecf9b2902102ecee732adbd363fca2a7b17332cfe0579?s=96&d=mm&r=g\",\"url\":\"https:\\\/\\\/secure.gravatar.com\\\/avatar\\\/a08db898b8a00883262ecf9b2902102ecee732adbd363fca2a7b17332cfe0579?s=96&d=mm&r=g\",\"contentUrl\":\"https:\\\/\\\/secure.gravatar.com\\\/avatar\\\/a08db898b8a00883262ecf9b2902102ecee732adbd363fca2a7b17332cfe0579?s=96&d=mm&r=g\",\"caption\":\"Mart van der Kruis\"},\"sameAs\":[\"https:\\\/\\\/eu-people.com\"]}]}<\/script>\n<!-- \/ Yoast SEO Premium plugin. -->","yoast_head_json":{"title":"Pa\u00edses Baixos ou Holanda, qual \u00e9 a designa\u00e7\u00e3o correta?! - EU-People","robots":{"index":"index","follow":"follow","max-snippet":"max-snippet:-1","max-image-preview":"max-image-preview:large","max-video-preview":"max-video-preview:-1"},"canonical":"https:\/\/eu-people.com\/pt\/holanda-ou-paises-baixos-qual-e-a-forma-correta\/","og_locale":"pt_PT","og_type":"article","og_title":"Nederland of Holland, wat is juist?!","og_description":"Als je door vacatures bladert, zie je vaak dat \"Nederland\" en \"Holland\" bijna willekeurig worden gebruikt. Veel mensen denken zelfs dat ons land twee verschillende namen heeft. Lees verder om erachter te komen waarom dat technisch gezien niet waar is!","og_url":"https:\/\/eu-people.com\/pt\/holanda-ou-paises-baixos-qual-e-a-forma-correta\/","og_site_name":"EU-People","article_published_time":"2026-04-10T08:23:17+00:00","article_modified_time":"2026-04-16T11:49:53+00:00","og_image":[{"width":600,"height":500,"url":"https:\/\/eu-people.com\/wp-content\/uploads\/2026\/04\/Netherlands-or-Holland.png","type":"image\/png"}],"author":"Mart van der Kruis","twitter_card":"summary_large_image","twitter_misc":{"Escrito por":"Mart van der Kruis","Tempo estimado de leitura":"1 minuto"},"schema":{"@context":"https:\/\/schema.org","@graph":[{"@type":"Article","@id":"https:\/\/eu-people.com\/holland-or-the-netherlands-which-is-correct\/#article","isPartOf":{"@id":"https:\/\/eu-people.com\/holland-or-the-netherlands-which-is-correct\/"},"author":{"name":"Mart van der Kruis","@id":"https:\/\/eu-people.com\/#\/schema\/person\/20409cba635022b0a8ecbb49bcdac0c5"},"headline":"Nederland of Holland, wat is juist?!","datePublished":"2026-04-10T08:23:17+00:00","dateModified":"2026-04-16T11:49:53+00:00","mainEntityOfPage":{"@id":"https:\/\/eu-people.com\/holland-or-the-netherlands-which-is-correct\/"},"wordCount":6,"image":{"@id":"https:\/\/eu-people.com\/holland-or-the-netherlands-which-is-correct\/#primaryimage"},"thumbnailUrl":"https:\/\/eu-people.com\/wp-content\/uploads\/2026\/04\/Netherlands-or-Holland.png","articleSection":["Uncategorized"],"inLanguage":"pt-PT"},{"@type":"WebPage","@id":"https:\/\/eu-people.com\/holland-or-the-netherlands-which-is-correct\/","url":"https:\/\/eu-people.com\/holland-or-the-netherlands-which-is-correct\/","name":"Pa\u00edses Baixos ou Holanda, qual \u00e9 a designa\u00e7\u00e3o correta?! - EU-People","isPartOf":{"@id":"https:\/\/eu-people.com\/#website"},"primaryImageOfPage":{"@id":"https:\/\/eu-people.com\/holland-or-the-netherlands-which-is-correct\/#primaryimage"},"image":{"@id":"https:\/\/eu-people.com\/holland-or-the-netherlands-which-is-correct\/#primaryimage"},"thumbnailUrl":"https:\/\/eu-people.com\/wp-content\/uploads\/2026\/04\/Netherlands-or-Holland.png","datePublished":"2026-04-10T08:23:17+00:00","dateModified":"2026-04-16T11:49:53+00:00","author":{"@id":"https:\/\/eu-people.com\/#\/schema\/person\/20409cba635022b0a8ecbb49bcdac0c5"},"breadcrumb":{"@id":"https:\/\/eu-people.com\/holland-or-the-netherlands-which-is-correct\/#breadcrumb"},"inLanguage":"pt-PT","potentialAction":[{"@type":"ReadAction","target":["https:\/\/eu-people.com\/holland-or-the-netherlands-which-is-correct\/"]}]},{"@type":"ImageObject","inLanguage":"pt-PT","@id":"https:\/\/eu-people.com\/holland-or-the-netherlands-which-is-correct\/#primaryimage","url":"https:\/\/eu-people.com\/wp-content\/uploads\/2026\/04\/Netherlands-or-Holland.png","contentUrl":"https:\/\/eu-people.com\/wp-content\/uploads\/2026\/04\/Netherlands-or-Holland.png","width":600,"height":500},{"@type":"BreadcrumbList","@id":"https:\/\/eu-people.com\/holland-or-the-netherlands-which-is-correct\/#breadcrumb","itemListElement":[{"@type":"ListItem","position":1,"name":"Home","item":"https:\/\/eu-people.com\/"},{"@type":"ListItem","position":2,"name":"Nederland of Holland, wat is juist?!"}]},{"@type":"WebSite","@id":"https:\/\/eu-people.com\/#website","url":"https:\/\/eu-people.com\/","name":"Pessoas da UE","description":"","potentialAction":[{"@type":"SearchAction","target":{"@type":"EntryPoint","urlTemplate":"https:\/\/eu-people.com\/?s={search_term_string}"},"query-input":{"@type":"PropertyValueSpecification","valueRequired":true,"valueName":"search_term_string"}}],"inLanguage":"pt-PT"},{"@type":"Person","@id":"https:\/\/eu-people.com\/#\/schema\/person\/20409cba635022b0a8ecbb49bcdac0c5","name":"Mart van der Kruis","image":{"@type":"ImageObject","inLanguage":"pt-PT","@id":"https:\/\/secure.gravatar.com\/avatar\/a08db898b8a00883262ecf9b2902102ecee732adbd363fca2a7b17332cfe0579?s=96&d=mm&r=g","url":"https:\/\/secure.gravatar.com\/avatar\/a08db898b8a00883262ecf9b2902102ecee732adbd363fca2a7b17332cfe0579?s=96&d=mm&r=g","contentUrl":"https:\/\/secure.gravatar.com\/avatar\/a08db898b8a00883262ecf9b2902102ecee732adbd363fca2a7b17332cfe0579?s=96&d=mm&r=g","caption":"Mart van der Kruis"},"sameAs":["https:\/\/eu-people.com"]}]}},"_links":{"self":[{"href":"https:\/\/eu-people.com\/pt\/wp-json\/wp\/v2\/posts\/423","targetHints":{"allow":["GET"]}}],"collection":[{"href":"https:\/\/eu-people.com\/pt\/wp-json\/wp\/v2\/posts"}],"about":[{"href":"https:\/\/eu-people.com\/pt\/wp-json\/wp\/v2\/types\/post"}],"author":[{"embeddable":true,"href":"https:\/\/eu-people.com\/pt\/wp-json\/wp\/v2\/users\/1"}],"replies":[{"embeddable":true,"href":"https:\/\/eu-people.com\/pt\/wp-json\/wp\/v2\/comments?post=423"}],"version-history":[{"count":2,"href":"https:\/\/eu-people.com\/pt\/wp-json\/wp\/v2\/posts\/423\/revisions"}],"predecessor-version":[{"id":532,"href":"https:\/\/eu-people.com\/pt\/wp-json\/wp\/v2\/posts\/423\/revisions\/532"}],"wp:featuredmedia":[{"embeddable":true,"href":"https:\/\/eu-people.com\/pt\/wp-json\/wp\/v2\/media\/424"}],"wp:attachment":[{"href":"https:\/\/eu-people.com\/pt\/wp-json\/wp\/v2\/media?parent=423"}],"wp:term":[{"taxonomy":"category","embeddable":true,"href":"https:\/\/eu-people.com\/pt\/wp-json\/wp\/v2\/categories?post=423"},{"taxonomy":"post_tag","embeddable":true,"href":"https:\/\/eu-people.com\/pt\/wp-json\/wp\/v2\/tags?post=423"}],"curies":[{"name":"wp","href":"https:\/\/api.w.org\/{rel}","templated":true}]}}