{"id":458,"date":"2026-04-10T14:14:03","date_gmt":"2026-04-10T13:14:03","guid":{"rendered":"https:\/\/eu-people.com\/?p=458"},"modified":"2026-04-16T12:49:53","modified_gmt":"2026-04-16T11:49:53","slug":"4-activitati-magice-de-iarna-in-tarile-de-jos","status":"publish","type":"post","link":"https:\/\/eu-people.com\/ro\/4-magical-winter-activities-in-the-netherlands\/","title":{"rendered":"4 activit\u0103\u021bi magice de iarn\u0103 \u00een Olanda"},"content":{"rendered":"<section class=\"editor white margin-none\">\n        <div class=\"editor-wrap boxed\">\n            <div class=\"autop content\"><p>Zilele devin din ce \u00een ce mai scurte \u0219i mai reci, iar magazinele se umplu de decora\u021biuni de Cr\u0103ciun. E aproape iarn\u0103 \u00een Olanda!<\/p>\n<p>Poate fi tentant s\u0103 r\u0103m\u00e2i \u00een c\u0103ldura casei tale, dar aceste activit\u0103\u021bi magice de iarn\u0103 ar putea merita efortul de a ie\u0219i afar\u0103! Dac\u0103 nu ai ma\u0219in\u0103, blogul nostru despre\u00a0<a href=\"https:\/\/eu-people.com\/ro\/nl\/transportul-public-101-cum-sa-te-deplasezi-in-tarile-de-jos\/\" data-type=\"post\" data-id=\"25238\">transportul public \u00een \u021a\u0103rile de Jos<\/a>\u00a0te poate ajuta s\u0103-\u021bi planifici c\u0103l\u0103toria.<\/p>\n<\/div>\n        <\/div>\n<\/section>\n\n\n<section class=\"editor margin-bottom\">\n        <div class=\"editor-wrap boxed\">\n            <div class=\"autop content padding grey\"><h3 class=\"wp-block-heading\">1. Ora\u0219ul de Cr\u0103ciun Valkenburg<\/h3>\n<p>\u00cen fiecare an, \u00een perioada Cr\u0103ciunului, ora\u0219ul Valkenburg din Limburg se transform\u0103 \u00eentr-un adev\u0103rat t\u0103r\u00e2m al minunilor de iarn\u0103. Punctul culminant \u00eel reprezint\u0103 un t\u00e2rg de Cr\u0103ciun organizat \u00eentr-o pe\u0219ter\u0103 veche.<\/p>\n<p>Anul acesta (2022), Valkenburg a fost chiar desemnat\u0103 \u201cCea mai bun\u0103 destina\u021bie de Cr\u0103ciun din Olanda\u201d. Nu vrei s\u0103 ratezi aceast\u0103 activitate unic\u0103! Te po\u021bi bucura de\u00a0<a href=\"https:\/\/www.kerststadvalkenburg.nl\/\" target=\"_blank\" rel=\"noreferrer noopener nofollow\">Ora\u0219ul de Cr\u0103ciun Valkenburg<\/a>\u00a0\u00een perioada 18 noiembrie \u2013 8 ianuarie a acestui an. \u00ce\u021bi este pu\u021bin frig \u00een timp ce explorezi ora\u0219ul? De ce nu faci o vizit\u0103 la\u00a0<a href=\"https:\/\/www.thermae.nl\/\" target=\"_blank\" rel=\"noreferrer noopener nofollow\">Centrul spa Thermae 2000<\/a>\u00a0\u0219i tu? Dac\u0103 te cazezi la un hotel frumos \u2013 hotelul Spa are c\u00e2teva camere superbe\u00a0<a href=\"https:\/\/en.thermae.nl\/hotel\/hotel-packages\/?_gl=1*6l0qvj*_ga*MTQwODMxMzE1OC4xNjY5OTA1NDk0*_ga_RGJQLJV2K0*MTY2OTkwNTQ5NC4xLjEuMTY2OTkwNTYxMy40MS4wLjA.&amp;_ga=2.149637747.458538435.1669905495-1408313158.1669905494\" target=\"_blank\" rel=\"noreferrer noopener nofollow\">pachete<\/a>\u00a0\u2013 po\u021bi s\u0103-\u021bi organizezi cu u\u0219urin\u021b\u0103 o escapad\u0103 de weekend acolo!<\/p>\n<\/div>\n        <\/div>\n<\/section>\n\n\n<section class=\"editor primary margin-bottom\">\n        <div class=\"editor-wrap boxed\">\n            <div class=\"autop content\"><h3 class=\"wp-block-heading\">2. T\u00e2rgul de Cr\u0103ciun din Maastricht<\/h3>\n<p>Maastricht este un ora\u0219 pl\u0103cut de vizitat \u00een orice perioad\u0103 a anului, dar mai ales \u00een preajma Cr\u0103ciunului.\u00a0<a href=\"https:\/\/www.google.com\/maps?client=safari&amp;rls=en&amp;q=vrijthof+maastricht&amp;oe=UTF-8&amp;um=1&amp;ie=UTF-8&amp;sa=X&amp;ved=2ahUKEwj70MzS1tj7AhVqZTABHRCoAN0Q_AUoAXoECAEQAw\" target=\"_blank\" rel=\"noreferrer noopener nofollow\">Vrijthof<\/a>va fi plin\u0103 de tarabe din lemn care v\u00e2nd delicatese de iarn\u0103, decora\u021biuni de Cr\u0103ciun \u0219i cadouri. Exist\u0103, de asemenea, un patinoar imens (1000 m\u00b2!), o roat\u0103 uria\u0219\u0103 (45 m \u00een\u0103l\u021bime!) \u0219i un carusel cu dou\u0103 etaje. Pe l\u00e2ng\u0103 Vrijthof, ve\u021bi g\u0103si activit\u0103\u021bi de Cr\u0103ciun \u0219i \u00een alte locuri din ora\u0219. De exemplu, arunca\u021bi o privire pe str\u0103du\u021bele din jurul Bazilicii Fecioarei Maria. Maastrichtul \u00een sine este, de asemenea, un loc minunat pentru cump\u0103r\u0103turi! Pentru mai multe informa\u021bii, consulta\u021bi\u00a0<a href=\"https:\/\/www.kerstmarktinmaastricht.nl\/\" target=\"_blank\" rel=\"noreferrer noopener nofollow\">Site-ul T\u00e2rgului de Cr\u0103ciun din Maastricht<\/a>\u00a0\u2013 este disponibil doar \u00een limba olandez\u0103, a\u0219a c\u0103 s-ar putea s\u0103 fie nevoie s\u0103 folose\u0219ti Google Translate.<\/p>\n<\/div>\n        <\/div>\n<\/section>\n\n\n<section class=\"editor margin-bottom\">\n        <div class=\"editor-wrap boxed\">\n            <div class=\"autop content padding grey\"><h3 class=\"wp-block-heading\">3. Efteling iarna<\/h3>\n<p>Efteling este un parc tematic care se bucur\u0103 de popularitate \u00een special \u00een r\u00e2ndul familiilor cu copii, dar \u0219i adul\u021bii se pot bucura de atmosfera de basm a acestuia\u00a0<a href=\"https:\/\/www.efteling.com\/en\/park\/events\/winter-efteling\" target=\"_blank\" rel=\"noreferrer noopener nofollow\">Efteling iarna<\/a>. Majoritatea atrac\u021biilor vor fi deschise (cu excep\u021bia celor acvatice) \u0219i vei g\u0103si tot felul de decora\u021biuni de Cr\u0103ciun \u0219i focuri de tab\u0103r\u0103 \u00een \u00eentregul parc tematic. Intr\u0103 deja \u00een atmosfera de Cr\u0103ciun \u0219i bucur\u0103-te de p\u0103durea de basm cu decora\u021biuni magice!<\/p>\n<\/div>\n        <\/div>\n<\/section>\n\n\n<section class=\"editor primary margin-none\">\n        <div class=\"editor-wrap boxed\">\n            <div class=\"autop content\"><h3 class=\"wp-block-heading\">4. \u021aara Fanteziei Wintertraum<\/h3>\n<p>Dac\u0103 nu te deranjeaz\u0103 drumul,\u00a0<a href=\"https:\/\/www.phantasialand.de\/en\/theme-park\/wintertraum\/\" target=\"_blank\" rel=\"noreferrer noopener nofollow\">\u021aara Fanteziei Wintertraum<\/a>\u00a0\u00een Germania este o activitate de iarn\u0103 minunat\u0103! La fel ca Efteling, acest parc tematic ofer\u0103 tot felul de decora\u021biuni de iarn\u0103, activit\u0103\u021bi \u0219i spectacole. Atrac\u021biile din Phantasialand sunt ceva mai palpitante \u0219i pot fi mai distractive pentru adul\u021bii care caut\u0103 senza\u021bii tari.<\/p>\n<\/div>\n        <\/div>\n<\/section>\n\n\n<section class=\"editor white margin-none\">\n        <div class=\"editor-wrap boxed\">\n            <div class=\"autop content\"><p>Dac\u0103 voia\u021bi s\u0103 r\u0103m\u00e2ne\u021bi acas\u0103 \u00een aceast\u0103 iarn\u0103, sper\u0103m c\u0103 sugestiile noastre v-au f\u0103cut s\u0103 v\u0103 r\u0103zg\u00e2ndi\u021bi! Ne-ar pl\u0103cea s\u0103 afl\u0103m pove\u0219tile voastre despre cum a\u021bi descoperit aceste activit\u0103\u021bi \u2013 nu ezita\u021bi s\u0103 le \u00eemp\u0103rt\u0103\u0219i\u021bi \u00een sec\u021biunea de comentarii!<\/p>\n<p>C\u0103uta\u021bi activit\u0103\u021bi pentru alte anotimpuri? Consulta\u021bi oferta noastr\u0103\u00a0<a href=\"https:\/\/eu-people.com\/ro\/nl\/4-must-do-activities-for-autumn-in-the-netherlands\/\" data-type=\"post\" data-id=\"25029\">Sugestii de activit\u0103\u021bi de toamn\u0103<\/a>!<\/p>\n<\/div>\n        <\/div>\n<\/section>","protected":false},"excerpt":{"rendered":"<p>Zilele devin din ce \u00een ce mai scurte \u0219i mai reci, iar magazinele se umplu de decora\u021biuni de Cr\u0103ciun. E aproape iarn\u0103 \u00een Olanda!<\/p>","protected":false},"author":1,"featured_media":461,"comment_status":"closed","ping_status":"open","sticky":false,"template":"","format":"standard","meta":{"_acf_changed":false,"footnotes":""},"categories":[1],"tags":[],"class_list":["post-458","post","type-post","status-publish","format-standard","has-post-thumbnail","hentry","category-uncategorized"],"acf":[],"yoast_head":"<!-- This site is optimized with the Yoast SEO Premium plugin v28.3 (Yoast SEO v28.3) - https:\/\/yoast.com\/product\/yoast-seo-premium-wordpress\/ -->\n<title>4 Magische winteractiviteiten in Nederland - EU-People<\/title>\n<meta name=\"robots\" content=\"index, follow, max-snippet:-1, max-image-preview:large, max-video-preview:-1\" \/>\n<link rel=\"canonical\" href=\"https:\/\/eu-people.com\/ro\/4-activitati-magice-de-iarna-in-tarile-de-jos\/\" \/>\n<meta property=\"og:locale\" content=\"ro_RO\" \/>\n<meta property=\"og:type\" content=\"article\" \/>\n<meta property=\"og:title\" content=\"4 Magische winteractiviteiten in Nederland\" \/>\n<meta property=\"og:description\" content=\"De dagen worden korter en kouder en de winkels worden gevuld met kerstversieringen. Het is bijna winter in Nederland!\" \/>\n<meta property=\"og:url\" content=\"https:\/\/eu-people.com\/ro\/4-activitati-magice-de-iarna-in-tarile-de-jos\/\" \/>\n<meta property=\"og:site_name\" content=\"EU-People\" \/>\n<meta property=\"article:published_time\" content=\"2026-04-10T13:14:03+00:00\" \/>\n<meta property=\"article:modified_time\" content=\"2026-04-16T11:49:53+00:00\" \/>\n<meta property=\"og:image\" content=\"https:\/\/eu-people.com\/wp-content\/uploads\/2026\/04\/Christmas-activities-in-the-netherlands.png\" \/>\n\t<meta property=\"og:image:width\" content=\"600\" \/>\n\t<meta property=\"og:image:height\" content=\"500\" \/>\n\t<meta property=\"og:image:type\" content=\"image\/png\" \/>\n<meta name=\"author\" content=\"Mart van der Kruis\" \/>\n<meta name=\"twitter:card\" content=\"summary_large_image\" \/>\n<meta name=\"twitter:label1\" content=\"Scris de\" \/>\n\t<meta name=\"twitter:data1\" content=\"Mart van der Kruis\" \/>\n\t<meta name=\"twitter:label2\" content=\"Timp estimat pentru citire\" \/>\n\t<meta name=\"twitter:data2\" content=\"1 minut\" \/>\n<script type=\"application\/ld+json\" class=\"yoast-schema-graph\">{\"@context\":\"https:\\\/\\\/schema.org\",\"@graph\":[{\"@type\":\"Article\",\"@id\":\"https:\\\/\\\/eu-people.com\\\/4-magical-winter-activities-in-the-netherlands\\\/#article\",\"isPartOf\":{\"@id\":\"https:\\\/\\\/eu-people.com\\\/4-magical-winter-activities-in-the-netherlands\\\/\"},\"author\":{\"name\":\"Mart van der Kruis\",\"@id\":\"https:\\\/\\\/eu-people.com\\\/#\\\/schema\\\/person\\\/20409cba635022b0a8ecbb49bcdac0c5\"},\"headline\":\"4 Magische winteractiviteiten in Nederland\",\"datePublished\":\"2026-04-10T13:14:03+00:00\",\"dateModified\":\"2026-04-16T11:49:53+00:00\",\"mainEntityOfPage\":{\"@id\":\"https:\\\/\\\/eu-people.com\\\/4-magical-winter-activities-in-the-netherlands\\\/\"},\"wordCount\":4,\"image\":{\"@id\":\"https:\\\/\\\/eu-people.com\\\/4-magical-winter-activities-in-the-netherlands\\\/#primaryimage\"},\"thumbnailUrl\":\"https:\\\/\\\/eu-people.com\\\/wp-content\\\/uploads\\\/2026\\\/04\\\/Christmas-activities-in-the-netherlands.png\",\"articleSection\":[\"Uncategorized\"],\"inLanguage\":\"ro-RO\"},{\"@type\":\"WebPage\",\"@id\":\"https:\\\/\\\/eu-people.com\\\/4-magical-winter-activities-in-the-netherlands\\\/\",\"url\":\"https:\\\/\\\/eu-people.com\\\/4-magical-winter-activities-in-the-netherlands\\\/\",\"name\":\"4 Magische winteractiviteiten in Nederland - EU-People\",\"isPartOf\":{\"@id\":\"https:\\\/\\\/eu-people.com\\\/#website\"},\"primaryImageOfPage\":{\"@id\":\"https:\\\/\\\/eu-people.com\\\/4-magical-winter-activities-in-the-netherlands\\\/#primaryimage\"},\"image\":{\"@id\":\"https:\\\/\\\/eu-people.com\\\/4-magical-winter-activities-in-the-netherlands\\\/#primaryimage\"},\"thumbnailUrl\":\"https:\\\/\\\/eu-people.com\\\/wp-content\\\/uploads\\\/2026\\\/04\\\/Christmas-activities-in-the-netherlands.png\",\"datePublished\":\"2026-04-10T13:14:03+00:00\",\"dateModified\":\"2026-04-16T11:49:53+00:00\",\"author\":{\"@id\":\"https:\\\/\\\/eu-people.com\\\/#\\\/schema\\\/person\\\/20409cba635022b0a8ecbb49bcdac0c5\"},\"breadcrumb\":{\"@id\":\"https:\\\/\\\/eu-people.com\\\/4-magical-winter-activities-in-the-netherlands\\\/#breadcrumb\"},\"inLanguage\":\"ro-RO\",\"potentialAction\":[{\"@type\":\"ReadAction\",\"target\":[\"https:\\\/\\\/eu-people.com\\\/4-magical-winter-activities-in-the-netherlands\\\/\"]}]},{\"@type\":\"ImageObject\",\"inLanguage\":\"ro-RO\",\"@id\":\"https:\\\/\\\/eu-people.com\\\/4-magical-winter-activities-in-the-netherlands\\\/#primaryimage\",\"url\":\"https:\\\/\\\/eu-people.com\\\/wp-content\\\/uploads\\\/2026\\\/04\\\/Christmas-activities-in-the-netherlands.png\",\"contentUrl\":\"https:\\\/\\\/eu-people.com\\\/wp-content\\\/uploads\\\/2026\\\/04\\\/Christmas-activities-in-the-netherlands.png\",\"width\":600,\"height\":500},{\"@type\":\"BreadcrumbList\",\"@id\":\"https:\\\/\\\/eu-people.com\\\/4-magical-winter-activities-in-the-netherlands\\\/#breadcrumb\",\"itemListElement\":[{\"@type\":\"ListItem\",\"position\":1,\"name\":\"Home\",\"item\":\"https:\\\/\\\/eu-people.com\\\/\"},{\"@type\":\"ListItem\",\"position\":2,\"name\":\"4 Magische winteractiviteiten in Nederland\"}]},{\"@type\":\"WebSite\",\"@id\":\"https:\\\/\\\/eu-people.com\\\/#website\",\"url\":\"https:\\\/\\\/eu-people.com\\\/\",\"name\":\"EU-People\",\"description\":\"\",\"potentialAction\":[{\"@type\":\"SearchAction\",\"target\":{\"@type\":\"EntryPoint\",\"urlTemplate\":\"https:\\\/\\\/eu-people.com\\\/?s={search_term_string}\"},\"query-input\":{\"@type\":\"PropertyValueSpecification\",\"valueRequired\":true,\"valueName\":\"search_term_string\"}}],\"inLanguage\":\"ro-RO\"},{\"@type\":\"Person\",\"@id\":\"https:\\\/\\\/eu-people.com\\\/#\\\/schema\\\/person\\\/20409cba635022b0a8ecbb49bcdac0c5\",\"name\":\"Mart van der Kruis\",\"image\":{\"@type\":\"ImageObject\",\"inLanguage\":\"ro-RO\",\"@id\":\"https:\\\/\\\/secure.gravatar.com\\\/avatar\\\/a08db898b8a00883262ecf9b2902102ecee732adbd363fca2a7b17332cfe0579?s=96&d=mm&r=g\",\"url\":\"https:\\\/\\\/secure.gravatar.com\\\/avatar\\\/a08db898b8a00883262ecf9b2902102ecee732adbd363fca2a7b17332cfe0579?s=96&d=mm&r=g\",\"contentUrl\":\"https:\\\/\\\/secure.gravatar.com\\\/avatar\\\/a08db898b8a00883262ecf9b2902102ecee732adbd363fca2a7b17332cfe0579?s=96&d=mm&r=g\",\"caption\":\"Mart van der Kruis\"},\"sameAs\":[\"https:\\\/\\\/eu-people.com\"]}]}<\/script>\n<!-- \/ Yoast SEO Premium plugin. -->","yoast_head_json":{"title":"4 activit\u0103\u021bi magice de iarn\u0103 \u00een Olanda - EU-People","robots":{"index":"index","follow":"follow","max-snippet":"max-snippet:-1","max-image-preview":"max-image-preview:large","max-video-preview":"max-video-preview:-1"},"canonical":"https:\/\/eu-people.com\/ro\/4-activitati-magice-de-iarna-in-tarile-de-jos\/","og_locale":"ro_RO","og_type":"article","og_title":"4 Magische winteractiviteiten in Nederland","og_description":"De dagen worden korter en kouder en de winkels worden gevuld met kerstversieringen. Het is bijna winter in Nederland!","og_url":"https:\/\/eu-people.com\/ro\/4-activitati-magice-de-iarna-in-tarile-de-jos\/","og_site_name":"EU-People","article_published_time":"2026-04-10T13:14:03+00:00","article_modified_time":"2026-04-16T11:49:53+00:00","og_image":[{"width":600,"height":500,"url":"https:\/\/eu-people.com\/wp-content\/uploads\/2026\/04\/Christmas-activities-in-the-netherlands.png","type":"image\/png"}],"author":"Mart van der Kruis","twitter_card":"summary_large_image","twitter_misc":{"Scris de":"Mart van der Kruis","Timp estimat pentru citire":"1 minut"},"schema":{"@context":"https:\/\/schema.org","@graph":[{"@type":"Article","@id":"https:\/\/eu-people.com\/4-magical-winter-activities-in-the-netherlands\/#article","isPartOf":{"@id":"https:\/\/eu-people.com\/4-magical-winter-activities-in-the-netherlands\/"},"author":{"name":"Mart van der Kruis","@id":"https:\/\/eu-people.com\/#\/schema\/person\/20409cba635022b0a8ecbb49bcdac0c5"},"headline":"4 Magische winteractiviteiten in Nederland","datePublished":"2026-04-10T13:14:03+00:00","dateModified":"2026-04-16T11:49:53+00:00","mainEntityOfPage":{"@id":"https:\/\/eu-people.com\/4-magical-winter-activities-in-the-netherlands\/"},"wordCount":4,"image":{"@id":"https:\/\/eu-people.com\/4-magical-winter-activities-in-the-netherlands\/#primaryimage"},"thumbnailUrl":"https:\/\/eu-people.com\/wp-content\/uploads\/2026\/04\/Christmas-activities-in-the-netherlands.png","articleSection":["Uncategorized"],"inLanguage":"ro-RO"},{"@type":"WebPage","@id":"https:\/\/eu-people.com\/4-magical-winter-activities-in-the-netherlands\/","url":"https:\/\/eu-people.com\/4-magical-winter-activities-in-the-netherlands\/","name":"4 activit\u0103\u021bi magice de iarn\u0103 \u00een Olanda - EU-People","isPartOf":{"@id":"https:\/\/eu-people.com\/#website"},"primaryImageOfPage":{"@id":"https:\/\/eu-people.com\/4-magical-winter-activities-in-the-netherlands\/#primaryimage"},"image":{"@id":"https:\/\/eu-people.com\/4-magical-winter-activities-in-the-netherlands\/#primaryimage"},"thumbnailUrl":"https:\/\/eu-people.com\/wp-content\/uploads\/2026\/04\/Christmas-activities-in-the-netherlands.png","datePublished":"2026-04-10T13:14:03+00:00","dateModified":"2026-04-16T11:49:53+00:00","author":{"@id":"https:\/\/eu-people.com\/#\/schema\/person\/20409cba635022b0a8ecbb49bcdac0c5"},"breadcrumb":{"@id":"https:\/\/eu-people.com\/4-magical-winter-activities-in-the-netherlands\/#breadcrumb"},"inLanguage":"ro-RO","potentialAction":[{"@type":"ReadAction","target":["https:\/\/eu-people.com\/4-magical-winter-activities-in-the-netherlands\/"]}]},{"@type":"ImageObject","inLanguage":"ro-RO","@id":"https:\/\/eu-people.com\/4-magical-winter-activities-in-the-netherlands\/#primaryimage","url":"https:\/\/eu-people.com\/wp-content\/uploads\/2026\/04\/Christmas-activities-in-the-netherlands.png","contentUrl":"https:\/\/eu-people.com\/wp-content\/uploads\/2026\/04\/Christmas-activities-in-the-netherlands.png","width":600,"height":500},{"@type":"BreadcrumbList","@id":"https:\/\/eu-people.com\/4-magical-winter-activities-in-the-netherlands\/#breadcrumb","itemListElement":[{"@type":"ListItem","position":1,"name":"Home","item":"https:\/\/eu-people.com\/"},{"@type":"ListItem","position":2,"name":"4 Magische winteractiviteiten in Nederland"}]},{"@type":"WebSite","@id":"https:\/\/eu-people.com\/#website","url":"https:\/\/eu-people.com\/","name":"Oameni din UE","description":"","potentialAction":[{"@type":"SearchAction","target":{"@type":"EntryPoint","urlTemplate":"https:\/\/eu-people.com\/?s={search_term_string}"},"query-input":{"@type":"PropertyValueSpecification","valueRequired":true,"valueName":"search_term_string"}}],"inLanguage":"ro-RO"},{"@type":"Person","@id":"https:\/\/eu-people.com\/#\/schema\/person\/20409cba635022b0a8ecbb49bcdac0c5","name":"Mart van der Kruis","image":{"@type":"ImageObject","inLanguage":"ro-RO","@id":"https:\/\/secure.gravatar.com\/avatar\/a08db898b8a00883262ecf9b2902102ecee732adbd363fca2a7b17332cfe0579?s=96&d=mm&r=g","url":"https:\/\/secure.gravatar.com\/avatar\/a08db898b8a00883262ecf9b2902102ecee732adbd363fca2a7b17332cfe0579?s=96&d=mm&r=g","contentUrl":"https:\/\/secure.gravatar.com\/avatar\/a08db898b8a00883262ecf9b2902102ecee732adbd363fca2a7b17332cfe0579?s=96&d=mm&r=g","caption":"Mart van der Kruis"},"sameAs":["https:\/\/eu-people.com"]}]}},"_links":{"self":[{"href":"https:\/\/eu-people.com\/ro\/wp-json\/wp\/v2\/posts\/458","targetHints":{"allow":["GET"]}}],"collection":[{"href":"https:\/\/eu-people.com\/ro\/wp-json\/wp\/v2\/posts"}],"about":[{"href":"https:\/\/eu-people.com\/ro\/wp-json\/wp\/v2\/types\/post"}],"author":[{"embeddable":true,"href":"https:\/\/eu-people.com\/ro\/wp-json\/wp\/v2\/users\/1"}],"replies":[{"embeddable":true,"href":"https:\/\/eu-people.com\/ro\/wp-json\/wp\/v2\/comments?post=458"}],"version-history":[{"count":3,"href":"https:\/\/eu-people.com\/ro\/wp-json\/wp\/v2\/posts\/458\/revisions"}],"predecessor-version":[{"id":522,"href":"https:\/\/eu-people.com\/ro\/wp-json\/wp\/v2\/posts\/458\/revisions\/522"}],"wp:featuredmedia":[{"embeddable":true,"href":"https:\/\/eu-people.com\/ro\/wp-json\/wp\/v2\/media\/461"}],"wp:attachment":[{"href":"https:\/\/eu-people.com\/ro\/wp-json\/wp\/v2\/media?parent=458"}],"wp:term":[{"taxonomy":"category","embeddable":true,"href":"https:\/\/eu-people.com\/ro\/wp-json\/wp\/v2\/categories?post=458"},{"taxonomy":"post_tag","embeddable":true,"href":"https:\/\/eu-people.com\/ro\/wp-json\/wp\/v2\/tags?post=458"}],"curies":[{"name":"wp","href":"https:\/\/api.w.org\/{rel}","templated":true}]}}